{"id":2869,"date":"2012-05-14T08:54:20","date_gmt":"2012-05-14T06:54:20","guid":{"rendered":"http:\/\/guy.pastre.org\/?p=2869"},"modified":"2012-05-14T08:54:20","modified_gmt":"2012-05-14T06:54:20","slug":"vers-une-culture-populaire-et-democratique","status":"publish","type":"post","link":"https:\/\/guy.pastre.org\/?p=2869","title":{"rendered":"Vers une culture populaire et d\u00c3\u00a9mocratique"},"content":{"rendered":"<p>Je me permet de (re)publier ce texte de quelqu&rsquo;un que j&rsquo;appr\u00c3\u00a9cie avec qui je partage certaines convictions dans son approche de la culture et de l&rsquo;art ; Il s&rsquo;agit de <a href=\"http:\/\/auteurs.arald.org\/cgi-bin\/aurweb.exe\/auteurs\/xrecha?370\" target=\"_blank\">Thierry Renard<\/a>, po\u00c3\u00a8te, \u00c3\u00a9diteur, homme de lettres\u00e2\u20ac\u00a6.<\/p>\n<p style=\"text-align: center;\">*********************<\/p>\n<p><em>\u00c2\u00ab Le probl\u00c3\u00a8me pressant qui se pose \u00c3\u00a0 nous serait donc, en termes politiques, de substituer \u00c3\u00a0 l\u00e2\u20ac\u2122appel mensonger d\u00e2\u20ac\u2122une culture totalitaire quelconque la cr\u00c3\u00a9ation r\u00c3\u00a9elle d\u00e2\u20ac\u2122une culture d\u00c3\u00a9mocratique. Il ne s\u00e2\u20ac\u2122agit pas de contraindre \u00c3\u00a0 l\u00e2\u20ac\u2122art les masses qui lui sont indiff\u00c3\u00a9rentes, il s\u00e2\u20ac\u2122agit d\u00e2\u20ac\u2122ouvrir le domaine de la culture \u00c3\u00a0 tous ceux qui veulent l\u00e2\u20ac\u2122atteindre. Autrement dit, le droit \u00c3\u00a0 la culture, c\u00e2\u20ac\u2122est purement et simplement la volont\u00c3\u00a9 d\u00e2\u20ac\u2122y acc\u00c3\u00a9der \u00c2\u00bb.<\/em><br \/>\nAndr\u00c3\u00a9 Malraux, postface aux Conqu\u00c3\u00a9rants, 1949<\/p>\n<p>Nous sommes dans un pays, la France, o\u00c3\u00b9 le vent de la culture a toujours, directement ou indirectement, souffl\u00c3\u00a9 sur les esprits. Ce vent, depuis 1959, a pris date, forme et nom, avec la cr\u00c3\u00a9ation d\u00e2\u20ac\u2122un minist\u00c3\u00a8re qui lui \u00c3\u00a9tait d\u00c3\u00a9di\u00c3\u00a9 et la nomination \u00c3\u00a0 sa t\u00c3\u00aate d\u00e2\u20ac\u2122un intellectuel et immense \u00c3\u00a9crivain, Andr\u00c3\u00a9 Malraux. Ce souffle, \u00c3\u00a0 la fois multiple et un, a de temps \u00c3\u00a0 autre \u00c3\u00a9t\u00c3\u00a9 n\u00c3\u00a9glig\u00c3\u00a9, voire malmen\u00c3\u00a9, mais il a cependant continuellement su traduire en mots non seulement une \u00c3\u00a9motion collective, mais aussi une intuition ainsi qu\u00e2\u20ac\u2122une intention.<!--more--><br \/>\nLa \u00c2\u00ab culture pour tous \u00c2\u00bb, tel fut le premier mot d\u00e2\u20ac\u2122ordre du premier ministre de la Culture de la cinqui\u00c3\u00a8me R\u00c3\u00a9publique. Aujourd\u00e2\u20ac\u2122hui, plus de cinquante ans apr\u00c3\u00a8s la nomination de Malraux par le g\u00c3\u00a9n\u00c3\u00a9ral De Gaulle, o\u00c3\u00b9 en sommes-nous ? O\u00c3\u00b9 en sommes-nous, avec deux des principes fondateurs \u00c3\u00a0 l\u00e2\u20ac\u2122origine du minist\u00c3\u00a8re, d\u00c3\u00a9mocratie et d\u00c3\u00a9mocratisation culturelles ?<br \/>\nLe vent est devenu pluriel. Et ses souffles sont, quelques fois, contradictoires.<\/p>\n<p>Le r\u00c3\u00aave de Malraux, bien entendu, subsiste encore. Ce r\u00c3\u00aave dit, aussi clairement que possible, que chacun d\u00e2\u20ac\u2122entre nous peut, un jour ou l\u00e2\u20ac\u2122autre, \u00c3\u00aatre \u00c2\u00ab atteint \u00c2\u00bb par l\u00e2\u20ac\u2122art et ses plus grandes \u00c5\u201cuvres. Chacun : d\u00e2\u20ac\u2122o\u00c3\u00b9 qu\u00e2\u20ac\u2122il vienne, et quelle que soit sa place parmi nous ! Mais, signe des temps nouveaux, on confond d\u00c3\u00a9sormais culture et civilisation, identit\u00c3\u00a9 et appartenance. Et l\u00e2\u20ac\u2122on a remplac\u00c3\u00a9 un peu h\u00c3\u00a2tivement le concept de \u00c2\u00ab culture pour tous \u00c2\u00bb par celui, voisin mais distinct, de \u00c2\u00ab culture pour chacun \u00c2\u00bb \u00e2\u20ac\u201d le pluriel brutalement est devenu singulier.<br \/>\nL\u00e2\u20ac\u2122individu et le groupe, tout le probl\u00c3\u00a8me est l\u00c3\u00a0, toujours. Et la question n\u00e2\u20ac\u2122est pas tranch\u00c3\u00a9e. Albert Camus, en son temps qui fut aussi celui d\u00e2\u20ac\u2122Andr\u00c3\u00a9 Malraux, pensait fortement que les deux \u00c3\u00a9taient ins\u00c3\u00a9parables, et qu\u00e2\u20ac\u2122il fallait donc veiller au fragile \u00c3\u00a9quilibre de leurs liens. C\u00e2\u20ac\u2122est bien, encore, l\u00e2\u20ac\u2122un des enjeux d\u00e2\u20ac\u2122aujourd\u00e2\u20ac\u2122hui. Et, si l\u00e2\u20ac\u2122art et la culture se doivent d\u00e2\u20ac\u2122aller ensemble, ils ne partagent pas forc\u00c3\u00a9ment les m\u00c3\u00aames ambitions et les m\u00c3\u00aames d\u00c3\u00a9finitions.<\/p>\n<p>L\u00e2\u20ac\u2122art est le fruit d\u00e2\u20ac\u2122une libre expression, solitaire le plus souvent et pourtant, en de rarissimes occasions, assez vivement partag\u00c3\u00a9e. L\u00e2\u20ac\u2122art offre des m\u00c3\u00a9taphores, issues des profondeurs de l\u00e2\u20ac\u2122imaginaire et porteuses pareillement d\u00e2\u20ac\u2122une vision \u00c3\u00a9largie, ou d\u00c3\u00a9cal\u00c3\u00a9e, \u00c3\u00a0 notre civilisation. La culture, pour sa part, est notre \u00c2\u00ab bien commun \u00c2\u00bb le plus pr\u00c3\u00a9cieux. Elle d\u00c3\u00a9coule des pratiques et des politiques culturelles, de l\u00e2\u20ac\u2122\u00c3\u00a9ducation populaire comme de l\u00e2\u20ac\u2122\u00c3\u00a9ducation artistique, de l\u00e2\u20ac\u2122\u00c3\u00a9mergence aussi bien que de l\u00e2\u20ac\u2122exigence. Disant cela, nous n\u00e2\u20ac\u2122avons pas tout dit. Nous avons simplement rep\u00c3\u00a9r\u00c3\u00a9 une v\u00c3\u00a9rit\u00c3\u00a9, et une v\u00c3\u00a9rit\u00c3\u00a9 pas seulement symbolique.<br \/>\nL\u00e2\u20ac\u2122art pour l\u00e2\u20ac\u2122art n\u00e2\u20ac\u2122existe pas. L\u00e2\u20ac\u2122art na\u00c3\u00aet des circonstances, face \u00c3\u00a0 une r\u00c3\u00a9alit\u00c3\u00a9 historique \u00e2\u20ac\u201d l\u00e2\u20ac\u2122un de ses buts principaux \u00c3\u00a9tant de la transcender. Et la \u00c2\u00ab culture pour tous \u00c2\u00bb demeure l\u00e2\u20ac\u2122un des grands d\u00c3\u00a9fis de demain.<\/p>\n<p>Mais, impatients, nous n\u00e2\u20ac\u2122attendrons pas l\u00e2\u20ac\u2122avenir. Il nous faut agir au pr\u00c3\u00a9sent, et, encore, inventer et b\u00c3\u00a2tir. Il nous faut rendre le futur plus imm\u00c3\u00a9diat. \u00c3\u0160tre ici, c\u00e2\u20ac\u2122est d\u00c3\u00a9j\u00c3\u00a0 prendre date. C\u00e2\u20ac\u2122est marquer la terre de nos pas.<\/p>\n<p>Thierry Renard<\/p>\n<blockquote><p><em>Source : <a href=\"http:\/\/www.balme2012.info\/2012\/05\/11\/vers-une-culture-populaire-et-democratique\/\">http:\/\/www.balme2012.info<\/a><\/em><\/p><\/blockquote>\n<p>&nbsp;<\/p>\n","protected":false},"excerpt":{"rendered":"<p>Je me permet de (re)publier ce texte de quelqu&rsquo;un que j&rsquo;appr\u00c3\u00a9cie avec qui je partage certaines convictions dans son approche de la culture et de l&rsquo;art ; Il s&rsquo;agit de Thierry Renard, po\u00c3\u00a8te, \u00c3\u00a9diteur,&#46;&#46;&#46;<\/p>\n","protected":false},"author":2,"featured_media":0,"comment_status":"open","ping_status":"open","sticky":false,"template":"","format":"standard","meta":{"footnotes":""},"categories":[123,18],"tags":[135,28],"class_list":["post-2869","post","type-post","status-publish","format-standard","hentry","category-culture-et-numerique","category-mes-contributions","tag-culture","tag-politique"],"jetpack_featured_media_url":"","_links":{"self":[{"href":"https:\/\/guy.pastre.org\/index.php?rest_route=\/wp\/v2\/posts\/2869","targetHints":{"allow":["GET"]}}],"collection":[{"href":"https:\/\/guy.pastre.org\/index.php?rest_route=\/wp\/v2\/posts"}],"about":[{"href":"https:\/\/guy.pastre.org\/index.php?rest_route=\/wp\/v2\/types\/post"}],"author":[{"embeddable":true,"href":"https:\/\/guy.pastre.org\/index.php?rest_route=\/wp\/v2\/users\/2"}],"replies":[{"embeddable":true,"href":"https:\/\/guy.pastre.org\/index.php?rest_route=%2Fwp%2Fv2%2Fcomments&post=2869"}],"version-history":[{"count":1,"href":"https:\/\/guy.pastre.org\/index.php?rest_route=\/wp\/v2\/posts\/2869\/revisions"}],"predecessor-version":[{"id":2870,"href":"https:\/\/guy.pastre.org\/index.php?rest_route=\/wp\/v2\/posts\/2869\/revisions\/2870"}],"wp:attachment":[{"href":"https:\/\/guy.pastre.org\/index.php?rest_route=%2Fwp%2Fv2%2Fmedia&parent=2869"}],"wp:term":[{"taxonomy":"category","embeddable":true,"href":"https:\/\/guy.pastre.org\/index.php?rest_route=%2Fwp%2Fv2%2Fcategories&post=2869"},{"taxonomy":"post_tag","embeddable":true,"href":"https:\/\/guy.pastre.org\/index.php?rest_route=%2Fwp%2Fv2%2Ftags&post=2869"}],"curies":[{"name":"wp","href":"https:\/\/api.w.org\/{rel}","templated":true}]}}